{"id":1916,"date":"2017-02-22T18:34:32","date_gmt":"2017-02-22T18:34:32","guid":{"rendered":"http:\/\/ww2.museosantacruz.org\/?p=1916"},"modified":"2017-03-24T18:20:26","modified_gmt":"2017-03-24T18:20:26","slug":"convocatoria-curso-de-fabricacion-de-papel-4-de-marzo-de-2017","status":"publish","type":"post","link":"https:\/\/ww2.museosantacruz.org\/?p=1916","title":{"rendered":"Curso de fabricaci\u00f3n de papel (4-3-2017)"},"content":{"rendered":"<p style=\"text-align: center;\">\u00a0<strong><span style=\"color: #ff0000;\">Recuperaci\u00f3n de un oficio artesano: la\u00a0fabricaci\u00f3n de papel a trav\u00e9s un curso a personas con discapacidad intelectual<\/span><\/strong><\/p>\n<div id=\"attachment_1950\" style=\"width: 353px\" class=\"wp-caption aligncenter\"><img loading=\"lazy\" decoding=\"async\" aria-describedby=\"caption-attachment-1950\" class=\"size-full wp-image-1950\" src=\"http:\/\/ww2.museosantacruz.org\/wp-content\/uploads\/2017\/02\/Grabado_Siembra.jpg\" alt=\"\" width=\"343\" height=\"500\" srcset=\"https:\/\/ww2.museosantacruz.org\/wp-content\/uploads\/2017\/02\/Grabado_Siembra.jpg 343w, https:\/\/ww2.museosantacruz.org\/wp-content\/uploads\/2017\/02\/Grabado_Siembra-206x300.jpg 206w\" sizes=\"auto, (max-width: 343px) 100vw, 343px\" \/><p id=\"caption-attachment-1950\" class=\"wp-caption-text\">\u00ab<em>La siembra\u00bb, grabado sobre papel artesanal (V\u00edctor Garc\u00eda Hij\u00f3n)<\/em><\/p><\/div>\n<div id=\"attachment_1919\" style=\"width: 225px\" class=\"wp-caption alignleft\"><img loading=\"lazy\" decoding=\"async\" aria-describedby=\"caption-attachment-1919\" class=\" wp-image-1919\" src=\"http:\/\/ww2.museosantacruz.org\/wp-content\/uploads\/2017\/02\/APROSIMA_LOGO.jpg\" alt=\"\" width=\"215\" height=\"96\" \/><p id=\"caption-attachment-1919\" class=\"wp-caption-text\"><strong>Asociaci\u00f3n de Profesionales para la Socializaci\u00f3n y la Integraci\u00f3n (APROSIMA)<\/strong><\/p><\/div>\n<div id=\"attachment_138\" style=\"width: 199px\" class=\"wp-caption alignright\"><img loading=\"lazy\" decoding=\"async\" aria-describedby=\"caption-attachment-138\" class=\" wp-image-138\" src=\"http:\/\/ww2.museosantacruz.org\/wp-content\/uploads\/2015\/03\/arado2.jpg\" alt=\"\" width=\"189\" height=\"102\" \/><p id=\"caption-attachment-138\" class=\"wp-caption-text\"><strong>ACAME \u00abJoaqu\u00edn Arias\u00bb<\/strong><\/p><\/div>\n<div id=\"attachment_1921\" style=\"width: 253px\" class=\"wp-caption aligncenter\"><img loading=\"lazy\" decoding=\"async\" aria-describedby=\"caption-attachment-1921\" class=\" wp-image-1921\" src=\"http:\/\/ww2.museosantacruz.org\/wp-content\/uploads\/2017\/02\/ESCUDO_AYTO.png\" alt=\"\" width=\"243\" height=\"95\" \/><p id=\"caption-attachment-1921\" class=\"wp-caption-text\"><strong>Colabora: Ayuntamiento de Santa Cruz de la Zarza<\/strong><\/p><\/div>\n<p>&nbsp;<\/p>\n<p>&nbsp;<\/p>\n<h4><span style=\"color: #ff6600;\">Presentaci\u00f3n<\/span><\/h4>\n<p><strong><span style=\"color: #000000;\">APROSIM<\/span><span style=\"color: #ff6600;\"><span style=\"color: #000000;\">A y ACAME \u00abJ. Arias\u00bb\u00a0se ha unido para desarrollar el <span style=\"color: #800000;\">Proyecto de Recuperaci\u00f3n de un Oficio Artesano de Fabricaci\u00f3n de Papel, a trav\u00e9s de Personas con Discapacidad Intelectual<\/span>. <\/span><\/span><\/strong><\/p>\n<p><strong><span style=\"color: #ff6600;\"><span style=\"color: #000000;\">El curso, totalmente gratuito, cuenta con la colaboraci\u00f3n del Ayuntamiento de Santa Cruz y\u00a0dar\u00e1 comienzo el pr\u00f3ximo 4 de marzo de 2017.<\/span><\/span><\/strong><\/p>\n<p><strong><!--more--><\/strong><\/p>\n<h4><strong><span style=\"color: #ff6600;\">Objetivos<\/span><\/strong><\/h4>\n<p>El Proyecto tiene un doble objetivo:<\/p>\n<p>&#8211; La recuperaci\u00f3n de un oficio artesano en v\u00edas de extinci\u00f3n.<br \/>\n&#8211; Dar formaci\u00f3n a personas con discapacidad intelectual, a trav\u00e9s del aprendizaje de este oficio, para mejorar su calidad de vida.<\/p>\n<p>Adem\u00e1s, las personas con discapacidad intelectual:<br \/>\n&#8211; Tendr\u00e1n la oportunidad de estar activas.<br \/>\n&#8211; Sentir\u00e1n que son capaces de aprender lo que otros no saben.<br \/>\n&#8211; Mejorar\u00e1n su autoestima.<\/p>\n<p>Se pretende que, una vez aprendido el oficio, ense\u00f1en sus conocimientos a otras personas del municipio, a trav\u00e9s de una exposici\u00f3n con paneles explicativos, que ellos presentar\u00e1n y la realizaci\u00f3n de un taller, en el que ellos ense\u00f1aran el proceso de fabricaci\u00f3n de una hoja de papel.<\/p>\n<p>De esta forma, se conseguir\u00e1:<br \/>\n&#8211; Aumentar la inclusi\u00f3n social en el pueblo.<br \/>\n&#8211; Los ciudadanos descubrir\u00e1n las capacidades de las personas con discapacidad intelectual.<\/p>\n<h4><span style=\"color: #ff6600;\">Desarrollo del proyecto<\/span><\/h4>\n<p style=\"padding-left: 30px;\"><strong>1\u00aa fase<\/strong><br \/>\nSe desarrollar\u00e1n dos aspectos:<br \/>\n<strong>1. Te\u00f3rico<\/strong>, en el que aprender\u00e1n:<br \/>\n&#8211; La historia del papel<br \/>\n&#8211; Las materias primas para hacer papel<br \/>\n&#8211; Los ciclos del papel<br \/>\n&#8211; Las filigranas o marcas de agua &#8211; Los usos del papel<\/p>\n<p style=\"padding-left: 30px;\"><strong>2. Pr\u00e1ctico<\/strong>, en el que aprender\u00e1n:<br \/>\n&#8211; Qu\u00e9 materiales se necesitan para hacer una hoja de papel<br \/>\n&#8211; C\u00f3mo se hace una hoja de papel, siguiendo paso a paso, el proceso hasta conseguir una hoja.<\/p>\n<p style=\"padding-left: 30px;\"><strong>2\u00aa fase <\/strong><\/p>\n<p style=\"padding-left: 30px;\">Una vez aprendido los contenidos te\u00f3ricos y pr\u00e1cticos, sabiendo hacer hojas de papel de forma artesana, ense\u00f1ar\u00e1n lo aprendido, a otros colectivos del pueblo: alumnos de colegios, institutos; personas mayores de la residencia, y ciudadanos del municipio que est\u00e9n interesados en aprender el oficio.<\/p>\n<h4><span style=\"color: #ff6600;\">A qui\u00e9n va dirigido el curso<\/span><\/h4>\n<p>A personas con discapacidad intelectual de Santa Cruz de la Zarza, que cumplan los siguientes requisitos:<\/p>\n<p>&#8211; Personas adultas a partir de 20 a\u00f1os<br \/>\n&#8211; Lenguaje oral comprensible<br \/>\n&#8211; Conocimientos de lectura y escritura b\u00e1sicos<br \/>\n&#8211; Ganas de aprender<br \/>\nM\u00e1ximo 12 alumnos.<\/p>\n<h4><span style=\"color: #ff6600;\">Recursos materiales<\/span><\/h4>\n<p>&#8211; Local con mesas y sillas: se solicita al Ayuntamiento de Santa Cruz de la Zarza.<br \/>\n&#8211; Materiales did\u00e1cticos: lo aportar\u00e1 ACAME<br \/>\n&#8211; Materiales para desarrollar el taller: lo aportar\u00e1 APROSIMA<\/p>\n<h4><span style=\"color: #ff6600;\">Recursos humanos <\/span><\/h4>\n<p>El programa de formaci\u00f3n lo impartir\u00e1n, de forma voluntaria, profesionales especializados de APROSIMA.<\/p>\n<h4 style=\"text-align: center;\">\u00a0<a href=\"http:\/\/ww2.museosantacruz.org\/?p=2040\">Galer\u00eda de fotos del Curso\u00a0<\/a><\/h4>\n<p>&nbsp;<\/p>\n","protected":false},"excerpt":{"rendered":"<p>\u00a0Recuperaci\u00f3n de un oficio artesano: la\u00a0fabricaci\u00f3n de papel a trav\u00e9s un curso a personas con discapacidad intelectual &nbsp; &nbsp; Presentaci\u00f3n APROSIMA y ACAME \u00abJ. Arias\u00bb\u00a0se ha unido para desarrollar el Proyecto de Recuperaci\u00f3n de un Oficio Artesano de Fabricaci\u00f3n de Papel, a trav\u00e9s de Personas con Discapacidad Intelectual. El curso,&#8230; <a class=\"continue-reading-link\" href=\"https:\/\/ww2.museosantacruz.org\/?p=1916\">Continue reading<\/a><\/p>\n","protected":false},"author":1,"featured_media":0,"comment_status":"open","ping_status":"open","sticky":false,"template":"","format":"standard","meta":{"footnotes":""},"categories":[13,16,35],"tags":[],"class_list":["post-1916","post","type-post","status-publish","format-standard","hentry","category-acame","category-actividades","category-talleres"],"_links":{"self":[{"href":"https:\/\/ww2.museosantacruz.org\/index.php?rest_route=\/wp\/v2\/posts\/1916","targetHints":{"allow":["GET"]}}],"collection":[{"href":"https:\/\/ww2.museosantacruz.org\/index.php?rest_route=\/wp\/v2\/posts"}],"about":[{"href":"https:\/\/ww2.museosantacruz.org\/index.php?rest_route=\/wp\/v2\/types\/post"}],"author":[{"embeddable":true,"href":"https:\/\/ww2.museosantacruz.org\/index.php?rest_route=\/wp\/v2\/users\/1"}],"replies":[{"embeddable":true,"href":"https:\/\/ww2.museosantacruz.org\/index.php?rest_route=%2Fwp%2Fv2%2Fcomments&post=1916"}],"version-history":[{"count":18,"href":"https:\/\/ww2.museosantacruz.org\/index.php?rest_route=\/wp\/v2\/posts\/1916\/revisions"}],"predecessor-version":[{"id":2045,"href":"https:\/\/ww2.museosantacruz.org\/index.php?rest_route=\/wp\/v2\/posts\/1916\/revisions\/2045"}],"wp:attachment":[{"href":"https:\/\/ww2.museosantacruz.org\/index.php?rest_route=%2Fwp%2Fv2%2Fmedia&parent=1916"}],"wp:term":[{"taxonomy":"category","embeddable":true,"href":"https:\/\/ww2.museosantacruz.org\/index.php?rest_route=%2Fwp%2Fv2%2Fcategories&post=1916"},{"taxonomy":"post_tag","embeddable":true,"href":"https:\/\/ww2.museosantacruz.org\/index.php?rest_route=%2Fwp%2Fv2%2Ftags&post=1916"}],"curies":[{"name":"wp","href":"https:\/\/api.w.org\/{rel}","templated":true}]}}