{"id":2443,"date":"2018-12-23T13:10:35","date_gmt":"2018-12-23T11:10:35","guid":{"rendered":"http:\/\/ww2.museosantacruz.org\/?p=2443"},"modified":"2019-01-17T13:42:47","modified_gmt":"2019-01-17T11:42:47","slug":"fototeca","status":"publish","type":"post","link":"https:\/\/ww2.museosantacruz.org\/?p=2443","title":{"rendered":"Fototeca"},"content":{"rendered":"<p><a href=\"http:\/\/fototeca.museosantacruz.org\/Fondo-C-sar-S-nchez-Rivas\"><img loading=\"lazy\" decoding=\"async\" class=\"wp-image-2448 alignleft\" src=\"http:\/\/ww2.museosantacruz.org\/wp-content\/uploads\/2018\/12\/Cesar_Sanchez_Rivas.jpg\" alt=\"\" width=\"196\" height=\"240\" \/><\/a>Seguimos ampliando nuestro <strong><a href=\"http:\/\/fototeca.museosantacruz.org\/\"><span style=\"color: #800000;\">Archivo fotogr\u00e1fico<\/span><\/a><\/strong>, gracias a las aportaciones que hemos recibido y, sobre todo, por la incorporaci\u00f3n del <span style=\"color: #800000;\"><strong><a style=\"color: #800000;\" href=\"http:\/\/fototeca.museosantacruz.org\/Fondo-C-sar-S-nchez-Rivas\">\u00abFondo C\u00e9sar S\u00e1nchez Rivas\u00bb<\/a><\/strong><\/span>, con 878 fotograf\u00edas de los a\u00f1os 40, 50 y 60, organizadas en 10 \u00e1lbumes tem\u00e1ticos, que hemos podido publicar gracias a la generosidad de Delf\u00edn S\u00e1nchez Garc\u00eda.<\/p>\n<p>&nbsp;<\/p>\n<p>En la actualidad, la Fototeca ya cuenta con un total de 1.366 fotograf\u00edas.<\/p>\n<p>Esperamos vuestros comentarios y anotaciones a las fotos.<\/p>\n<p>&nbsp;<\/p>\n","protected":false},"excerpt":{"rendered":"<p>Seguimos ampliando nuestro Archivo fotogr\u00e1fico, gracias a las aportaciones que hemos recibido y, sobre todo, por la incorporaci\u00f3n del \u00abFondo C\u00e9sar S\u00e1nchez Rivas\u00bb, con 878 fotograf\u00edas de los a\u00f1os 40, 50 y 60, organizadas en 10 \u00e1lbumes tem\u00e1ticos, que hemos podido publicar gracias a la generosidad de Delf\u00edn S\u00e1nchez Garc\u00eda&#8230;. <a class=\"continue-reading-link\" href=\"https:\/\/ww2.museosantacruz.org\/?p=2443\">Continue reading<\/a><\/p>\n","protected":false},"author":1,"featured_media":0,"comment_status":"open","ping_status":"open","sticky":false,"template":"","format":"standard","meta":{"footnotes":""},"categories":[13],"tags":[],"class_list":["post-2443","post","type-post","status-publish","format-standard","hentry","category-acame"],"_links":{"self":[{"href":"https:\/\/ww2.museosantacruz.org\/index.php?rest_route=\/wp\/v2\/posts\/2443","targetHints":{"allow":["GET"]}}],"collection":[{"href":"https:\/\/ww2.museosantacruz.org\/index.php?rest_route=\/wp\/v2\/posts"}],"about":[{"href":"https:\/\/ww2.museosantacruz.org\/index.php?rest_route=\/wp\/v2\/types\/post"}],"author":[{"embeddable":true,"href":"https:\/\/ww2.museosantacruz.org\/index.php?rest_route=\/wp\/v2\/users\/1"}],"replies":[{"embeddable":true,"href":"https:\/\/ww2.museosantacruz.org\/index.php?rest_route=%2Fwp%2Fv2%2Fcomments&post=2443"}],"version-history":[{"count":6,"href":"https:\/\/ww2.museosantacruz.org\/index.php?rest_route=\/wp\/v2\/posts\/2443\/revisions"}],"predecessor-version":[{"id":2456,"href":"https:\/\/ww2.museosantacruz.org\/index.php?rest_route=\/wp\/v2\/posts\/2443\/revisions\/2456"}],"wp:attachment":[{"href":"https:\/\/ww2.museosantacruz.org\/index.php?rest_route=%2Fwp%2Fv2%2Fmedia&parent=2443"}],"wp:term":[{"taxonomy":"category","embeddable":true,"href":"https:\/\/ww2.museosantacruz.org\/index.php?rest_route=%2Fwp%2Fv2%2Fcategories&post=2443"},{"taxonomy":"post_tag","embeddable":true,"href":"https:\/\/ww2.museosantacruz.org\/index.php?rest_route=%2Fwp%2Fv2%2Ftags&post=2443"}],"curies":[{"name":"wp","href":"https:\/\/api.w.org\/{rel}","templated":true}]}}