{"id":2591,"date":"2020-04-19T20:13:46","date_gmt":"2020-04-19T18:13:46","guid":{"rendered":"https:\/\/ww2.museosantacruz.org\/?p=2591"},"modified":"2020-04-20T09:28:49","modified_gmt":"2020-04-20T07:28:49","slug":"abrimos-para-despedir-a-santiago-almaza","status":"publish","type":"post","link":"https:\/\/ww2.museosantacruz.org\/?p=2591","title":{"rendered":"No hay visitas. Pero abrimos para despedir y recordar a Santiago Almarza."},"content":{"rendered":"<p><img loading=\"lazy\" decoding=\"async\" class=\"alignright wp-image-117\" src=\"https:\/\/ww2.museosantacruz.org\/wp-content\/uploads\/2015\/03\/almarzacaric.jpg\" alt=\"\" width=\"273\" height=\"338\" \/><strong>Cuando el mundo est\u00e1 tan lleno de dolor es dif\u00edcil sentir m\u00e1s, pero as\u00ed ocurre cuando nos deja un hombre bueno, tan ligado a nuestro pueblo. Nadie dibuj\u00f3 Santa Cruz c\u00f3mo lo hizo Santiago Almarza. <\/strong><\/p>\n<p><strong>Todos tenemos alguna copia de dibujos suyos en casa, y esa tarea no ha sido la mayor de su vida, que fue la dibujar con humor, sarcasmo, iron\u00eda, agudeza, sabidur\u00eda, ternura e inteligencia la vida cotidiana de en nuestra naci\u00f3n. <\/strong><\/p>\n<p><strong>Vaya para \u00e9l nuestro m\u00e1s emocionado recuerdo y p\u00e9same para su familia, que pierde un gran hombre, aunque, en realidad, lo perdemos todos un poco. Ahora solo nos queda su obra. Y, afortunadamente, es mucho lo que nos deja. \u00a1Que la tierra te sea leve! <\/strong><\/p>\n<p style=\"text-align: right;\"><strong>Dionisio Urbina<br \/>\n<\/strong><\/p>\n\n\t\t<style type=\"text\/css\">\n\t\t\t#gallery-1 {\n\t\t\t\tmargin: auto;\n\t\t\t}\n\t\t\t#gallery-1 .gallery-item {\n\t\t\t\tfloat: left;\n\t\t\t\tmargin-top: 10px;\n\t\t\t\ttext-align: center;\n\t\t\t\twidth: 50%;\n\t\t\t}\n\t\t\t#gallery-1 img {\n\t\t\t\tborder: 2px solid #cfcfcf;\n\t\t\t}\n\t\t\t#gallery-1 .gallery-caption {\n\t\t\t\tmargin-left: 0;\n\t\t\t}\n\t\t\t\/* see gallery_shortcode() in wp-includes\/media.php *\/\n\t\t<\/style>\n\t\t<div id='gallery-1' class='gallery galleryid-2591 gallery-columns-2 gallery-size-medium'><dl class='gallery-item'>\n\t\t\t<dt class='gallery-icon portrait'>\n\t\t\t\t<a href='https:\/\/ww2.museosantacruz.org\/wp-content\/uploads\/2015\/04\/ALMARZA21.jpg'><img loading=\"lazy\" decoding=\"async\" width=\"217\" height=\"300\" src=\"https:\/\/ww2.museosantacruz.org\/wp-content\/uploads\/2015\/04\/ALMARZA21-217x300.jpg\" class=\"attachment-medium size-medium\" alt=\"\" aria-describedby=\"gallery-1-1195\" srcset=\"https:\/\/ww2.museosantacruz.org\/wp-content\/uploads\/2015\/04\/ALMARZA21-217x300.jpg 217w, https:\/\/ww2.museosantacruz.org\/wp-content\/uploads\/2015\/04\/ALMARZA21.jpg 723w\" sizes=\"auto, (max-width: 217px) 100vw, 217px\" \/><\/a>\n\t\t\t<\/dt>\n\t\t\t\t<dd class='wp-caption-text gallery-caption' id='gallery-1-1195'>\n\t\t\t\tAlmarza &#8211; Calle de la Zanja\n\t\t\t\t<\/dd><\/dl><dl class='gallery-item'>\n\t\t\t<dt class='gallery-icon portrait'>\n\t\t\t\t<a href='https:\/\/ww2.museosantacruz.org\/wp-content\/uploads\/2015\/04\/ALMARZA20.jpg'><img loading=\"lazy\" decoding=\"async\" width=\"209\" height=\"300\" src=\"https:\/\/ww2.museosantacruz.org\/wp-content\/uploads\/2015\/04\/ALMARZA20-209x300.jpg\" class=\"attachment-medium size-medium\" alt=\"\" aria-describedby=\"gallery-1-1194\" srcset=\"https:\/\/ww2.museosantacruz.org\/wp-content\/uploads\/2015\/04\/ALMARZA20-209x300.jpg 209w, https:\/\/ww2.museosantacruz.org\/wp-content\/uploads\/2015\/04\/ALMARZA20.jpg 697w\" sizes=\"auto, (max-width: 209px) 100vw, 209px\" \/><\/a>\n\t\t\t<\/dt>\n\t\t\t\t<dd class='wp-caption-text gallery-caption' id='gallery-1-1194'>\n\t\t\t\tAlmarza &#8211; Iglesia de San Miguel\n\t\t\t\t<\/dd><\/dl><br style=\"clear: both\" \/><dl class='gallery-item'>\n\t\t\t<dt class='gallery-icon landscape'>\n\t\t\t\t<a href='https:\/\/ww2.museosantacruz.org\/wp-content\/uploads\/2015\/04\/ALMARZA19.jpg'><img loading=\"lazy\" decoding=\"async\" width=\"300\" height=\"210\" src=\"https:\/\/ww2.museosantacruz.org\/wp-content\/uploads\/2015\/04\/ALMARZA19-300x210.jpg\" class=\"attachment-medium size-medium\" alt=\"\" aria-describedby=\"gallery-1-1193\" srcset=\"https:\/\/ww2.museosantacruz.org\/wp-content\/uploads\/2015\/04\/ALMARZA19-300x210.jpg 300w, https:\/\/ww2.museosantacruz.org\/wp-content\/uploads\/2015\/04\/ALMARZA19.jpg 1000w\" sizes=\"auto, (max-width: 300px) 100vw, 300px\" \/><\/a>\n\t\t\t<\/dt>\n\t\t\t\t<dd class='wp-caption-text gallery-caption' id='gallery-1-1193'>\n\t\t\t\tAlmarza &#8211; Campos de Abajo\n\t\t\t\t<\/dd><\/dl><dl class='gallery-item'>\n\t\t\t<dt class='gallery-icon landscape'>\n\t\t\t\t<a href='https:\/\/ww2.museosantacruz.org\/wp-content\/uploads\/2015\/04\/ALMARZA22.jpg'><img loading=\"lazy\" decoding=\"async\" width=\"300\" height=\"212\" src=\"https:\/\/ww2.museosantacruz.org\/wp-content\/uploads\/2015\/04\/ALMARZA22-300x212.jpg\" class=\"attachment-medium size-medium\" alt=\"\" aria-describedby=\"gallery-1-1196\" srcset=\"https:\/\/ww2.museosantacruz.org\/wp-content\/uploads\/2015\/04\/ALMARZA22-300x212.jpg 300w, https:\/\/ww2.museosantacruz.org\/wp-content\/uploads\/2015\/04\/ALMARZA22.jpg 1000w\" sizes=\"auto, (max-width: 300px) 100vw, 300px\" \/><\/a>\n\t\t\t<\/dt>\n\t\t\t\t<dd class='wp-caption-text gallery-caption' id='gallery-1-1196'>\n\t\t\t\tAlmarza &#8211; Calle de San Juan\n\t\t\t\t<\/dd><\/dl><br style=\"clear: both\" \/><dl class='gallery-item'>\n\t\t\t<dt class='gallery-icon portrait'>\n\t\t\t\t<a href='https:\/\/ww2.museosantacruz.org\/wp-content\/uploads\/2015\/04\/ALMARZA18.jpg'><img loading=\"lazy\" decoding=\"async\" width=\"209\" height=\"300\" src=\"https:\/\/ww2.museosantacruz.org\/wp-content\/uploads\/2015\/04\/ALMARZA18-209x300.jpg\" class=\"attachment-medium size-medium\" alt=\"\" aria-describedby=\"gallery-1-1192\" srcset=\"https:\/\/ww2.museosantacruz.org\/wp-content\/uploads\/2015\/04\/ALMARZA18-209x300.jpg 209w, https:\/\/ww2.museosantacruz.org\/wp-content\/uploads\/2015\/04\/ALMARZA18.jpg 695w\" sizes=\"auto, (max-width: 209px) 100vw, 209px\" \/><\/a>\n\t\t\t<\/dt>\n\t\t\t\t<dd class='wp-caption-text gallery-caption' id='gallery-1-1192'>\n\t\t\t\tAlmarza &#8211; Puente del vallle\n\t\t\t\t<\/dd><\/dl><dl class='gallery-item'>\n\t\t\t<dt class='gallery-icon landscape'>\n\t\t\t\t<a href='https:\/\/ww2.museosantacruz.org\/wp-content\/uploads\/2015\/04\/ALMARZA17.jpg'><img loading=\"lazy\" decoding=\"async\" width=\"300\" height=\"211\" src=\"https:\/\/ww2.museosantacruz.org\/wp-content\/uploads\/2015\/04\/ALMARZA17-300x211.jpg\" class=\"attachment-medium size-medium\" alt=\"\" aria-describedby=\"gallery-1-1191\" srcset=\"https:\/\/ww2.museosantacruz.org\/wp-content\/uploads\/2015\/04\/ALMARZA17-300x211.jpg 300w, https:\/\/ww2.museosantacruz.org\/wp-content\/uploads\/2015\/04\/ALMARZA17.jpg 1000w\" sizes=\"auto, (max-width: 300px) 100vw, 300px\" \/><\/a>\n\t\t\t<\/dt>\n\t\t\t\t<dd class='wp-caption-text gallery-caption' id='gallery-1-1191'>\n\t\t\t\tAlmarza &#8211; Casilla el Garit\u00f3n, a\u00f1os 50\n\t\t\t\t<\/dd><\/dl><br style=\"clear: both\" \/><dl class='gallery-item'>\n\t\t\t<dt class='gallery-icon portrait'>\n\t\t\t\t<a href='https:\/\/ww2.museosantacruz.org\/wp-content\/uploads\/2015\/04\/ALMARZA16.jpg'><img loading=\"lazy\" decoding=\"async\" width=\"210\" height=\"300\" src=\"https:\/\/ww2.museosantacruz.org\/wp-content\/uploads\/2015\/04\/ALMARZA16-210x300.jpg\" class=\"attachment-medium size-medium\" alt=\"\" aria-describedby=\"gallery-1-1190\" srcset=\"https:\/\/ww2.museosantacruz.org\/wp-content\/uploads\/2015\/04\/ALMARZA16-210x300.jpg 210w, https:\/\/ww2.museosantacruz.org\/wp-content\/uploads\/2015\/04\/ALMARZA16.jpg 699w\" sizes=\"auto, (max-width: 210px) 100vw, 210px\" \/><\/a>\n\t\t\t<\/dt>\n\t\t\t\t<dd class='wp-caption-text gallery-caption' id='gallery-1-1190'>\n\t\t\t\tAlmarza &#8211; La Plaza, a\u00f1os 50\n\t\t\t\t<\/dd><\/dl><dl class='gallery-item'>\n\t\t\t<dt class='gallery-icon portrait'>\n\t\t\t\t<a href='https:\/\/ww2.museosantacruz.org\/wp-content\/uploads\/2015\/04\/ALMARZA15.jpg'><img loading=\"lazy\" decoding=\"async\" width=\"208\" height=\"300\" src=\"https:\/\/ww2.museosantacruz.org\/wp-content\/uploads\/2015\/04\/ALMARZA15-208x300.jpg\" class=\"attachment-medium size-medium\" alt=\"\" aria-describedby=\"gallery-1-1189\" srcset=\"https:\/\/ww2.museosantacruz.org\/wp-content\/uploads\/2015\/04\/ALMARZA15-208x300.jpg 208w, https:\/\/ww2.museosantacruz.org\/wp-content\/uploads\/2015\/04\/ALMARZA15.jpg 694w\" sizes=\"auto, (max-width: 208px) 100vw, 208px\" \/><\/a>\n\t\t\t<\/dt>\n\t\t\t\t<dd class='wp-caption-text gallery-caption' id='gallery-1-1189'>\n\t\t\t\tAlmarza &#8211; Casa del Gallo\n\t\t\t\t<\/dd><\/dl><br style=\"clear: both\" \/><dl class='gallery-item'>\n\t\t\t<dt class='gallery-icon portrait'>\n\t\t\t\t<a href='https:\/\/ww2.museosantacruz.org\/wp-content\/uploads\/2015\/04\/ALMARZA14.jpg'><img loading=\"lazy\" decoding=\"async\" width=\"208\" height=\"300\" src=\"https:\/\/ww2.museosantacruz.org\/wp-content\/uploads\/2015\/04\/ALMARZA14-208x300.jpg\" class=\"attachment-medium size-medium\" alt=\"\" aria-describedby=\"gallery-1-1188\" srcset=\"https:\/\/ww2.museosantacruz.org\/wp-content\/uploads\/2015\/04\/ALMARZA14-208x300.jpg 208w, https:\/\/ww2.museosantacruz.org\/wp-content\/uploads\/2015\/04\/ALMARZA14.jpg 692w\" sizes=\"auto, (max-width: 208px) 100vw, 208px\" \/><\/a>\n\t\t\t<\/dt>\n\t\t\t\t<dd class='wp-caption-text gallery-caption' id='gallery-1-1188'>\n\t\t\t\tAlmarza &#8211; Vista desde el Matadero\n\t\t\t\t<\/dd><\/dl><dl class='gallery-item'>\n\t\t\t<dt class='gallery-icon portrait'>\n\t\t\t\t<a href='https:\/\/ww2.museosantacruz.org\/wp-content\/uploads\/2015\/04\/ALMARZA13.jpg'><img loading=\"lazy\" decoding=\"async\" width=\"208\" height=\"300\" src=\"https:\/\/ww2.museosantacruz.org\/wp-content\/uploads\/2015\/04\/ALMARZA13-208x300.jpg\" class=\"attachment-medium size-medium\" alt=\"\" aria-describedby=\"gallery-1-1187\" srcset=\"https:\/\/ww2.museosantacruz.org\/wp-content\/uploads\/2015\/04\/ALMARZA13-208x300.jpg 208w, https:\/\/ww2.museosantacruz.org\/wp-content\/uploads\/2015\/04\/ALMARZA13.jpg 694w\" sizes=\"auto, (max-width: 208px) 100vw, 208px\" \/><\/a>\n\t\t\t<\/dt>\n\t\t\t\t<dd class='wp-caption-text gallery-caption' id='gallery-1-1187'>\n\t\t\t\tAlmarza &#8211; Calle Empedrada\n\t\t\t\t<\/dd><\/dl><br style=\"clear: both\" \/><dl class='gallery-item'>\n\t\t\t<dt class='gallery-icon landscape'>\n\t\t\t\t<a href='https:\/\/ww2.museosantacruz.org\/wp-content\/uploads\/2015\/04\/ALMARZA12.jpg'><img loading=\"lazy\" decoding=\"async\" width=\"300\" height=\"202\" src=\"https:\/\/ww2.museosantacruz.org\/wp-content\/uploads\/2015\/04\/ALMARZA12-300x202.jpg\" class=\"attachment-medium size-medium\" alt=\"\" aria-describedby=\"gallery-1-1186\" srcset=\"https:\/\/ww2.museosantacruz.org\/wp-content\/uploads\/2015\/04\/ALMARZA12-300x202.jpg 300w, https:\/\/ww2.museosantacruz.org\/wp-content\/uploads\/2015\/04\/ALMARZA12.jpg 1000w\" sizes=\"auto, (max-width: 300px) 100vw, 300px\" \/><\/a>\n\t\t\t<\/dt>\n\t\t\t\t<dd class='wp-caption-text gallery-caption' id='gallery-1-1186'>\n\t\t\t\tAlmarza &#8211; La Plaza, a\u00f1os 50\n\t\t\t\t<\/dd><\/dl><dl class='gallery-item'>\n\t\t\t<dt class='gallery-icon portrait'>\n\t\t\t\t<a href='https:\/\/ww2.museosantacruz.org\/wp-content\/uploads\/2015\/04\/ALMARZA11.jpg'><img loading=\"lazy\" decoding=\"async\" width=\"215\" height=\"300\" src=\"https:\/\/ww2.museosantacruz.org\/wp-content\/uploads\/2015\/04\/ALMARZA11-215x300.jpg\" class=\"attachment-medium size-medium\" alt=\"\" aria-describedby=\"gallery-1-1185\" srcset=\"https:\/\/ww2.museosantacruz.org\/wp-content\/uploads\/2015\/04\/ALMARZA11-215x300.jpg 215w, https:\/\/ww2.museosantacruz.org\/wp-content\/uploads\/2015\/04\/ALMARZA11.jpg 715w\" sizes=\"auto, (max-width: 215px) 100vw, 215px\" \/><\/a>\n\t\t\t<\/dt>\n\t\t\t\t<dd class='wp-caption-text gallery-caption' id='gallery-1-1185'>\n\t\t\t\tAlmarza &#8211; Parque Municipal, 1985\n\t\t\t\t<\/dd><\/dl><br style=\"clear: both\" \/><dl class='gallery-item'>\n\t\t\t<dt class='gallery-icon portrait'>\n\t\t\t\t<a href='https:\/\/ww2.museosantacruz.org\/wp-content\/uploads\/2015\/04\/ALMARZA10.jpg'><img loading=\"lazy\" decoding=\"async\" width=\"205\" height=\"300\" src=\"https:\/\/ww2.museosantacruz.org\/wp-content\/uploads\/2015\/04\/ALMARZA10-205x300.jpg\" class=\"attachment-medium size-medium\" alt=\"\" aria-describedby=\"gallery-1-1184\" srcset=\"https:\/\/ww2.museosantacruz.org\/wp-content\/uploads\/2015\/04\/ALMARZA10-205x300.jpg 205w, https:\/\/ww2.museosantacruz.org\/wp-content\/uploads\/2015\/04\/ALMARZA10.jpg 684w\" sizes=\"auto, (max-width: 205px) 100vw, 205px\" \/><\/a>\n\t\t\t<\/dt>\n\t\t\t\t<dd class='wp-caption-text gallery-caption' id='gallery-1-1184'>\n\t\t\t\tAlmarza &#8211; El Gram\u00f3n, a\u00f1os 60\n\t\t\t\t<\/dd><\/dl><dl class='gallery-item'>\n\t\t\t<dt class='gallery-icon portrait'>\n\t\t\t\t<a href='https:\/\/ww2.museosantacruz.org\/wp-content\/uploads\/2015\/04\/ALMARZA09.jpg'><img loading=\"lazy\" decoding=\"async\" width=\"209\" height=\"300\" src=\"https:\/\/ww2.museosantacruz.org\/wp-content\/uploads\/2015\/04\/ALMARZA09-209x300.jpg\" class=\"attachment-medium size-medium\" alt=\"\" aria-describedby=\"gallery-1-1183\" srcset=\"https:\/\/ww2.museosantacruz.org\/wp-content\/uploads\/2015\/04\/ALMARZA09-209x300.jpg 209w, https:\/\/ww2.museosantacruz.org\/wp-content\/uploads\/2015\/04\/ALMARZA09.jpg 695w\" sizes=\"auto, (max-width: 209px) 100vw, 209px\" \/><\/a>\n\t\t\t<\/dt>\n\t\t\t\t<dd class='wp-caption-text gallery-caption' id='gallery-1-1183'>\n\t\t\t\tAlmarza &#8211; Vista desde el Gram\u00f3n\n\t\t\t\t<\/dd><\/dl><br style=\"clear: both\" \/><dl class='gallery-item'>\n\t\t\t<dt class='gallery-icon portrait'>\n\t\t\t\t<a href='https:\/\/ww2.museosantacruz.org\/wp-content\/uploads\/2015\/04\/ALMARZA08.jpg'><img loading=\"lazy\" decoding=\"async\" width=\"209\" height=\"300\" src=\"https:\/\/ww2.museosantacruz.org\/wp-content\/uploads\/2015\/04\/ALMARZA08-209x300.jpg\" class=\"attachment-medium size-medium\" alt=\"\" aria-describedby=\"gallery-1-1182\" srcset=\"https:\/\/ww2.museosantacruz.org\/wp-content\/uploads\/2015\/04\/ALMARZA08-209x300.jpg 209w, https:\/\/ww2.museosantacruz.org\/wp-content\/uploads\/2015\/04\/ALMARZA08.jpg 695w\" sizes=\"auto, (max-width: 209px) 100vw, 209px\" \/><\/a>\n\t\t\t<\/dt>\n\t\t\t\t<dd class='wp-caption-text gallery-caption' id='gallery-1-1182'>\n\t\t\t\tAlmarza &#8211; Calle de San Miguel, a\u00f1os 50\n\t\t\t\t<\/dd><\/dl><dl class='gallery-item'>\n\t\t\t<dt class='gallery-icon portrait'>\n\t\t\t\t<a href='https:\/\/ww2.museosantacruz.org\/wp-content\/uploads\/2015\/04\/ALMARZA07.jpg'><img loading=\"lazy\" decoding=\"async\" width=\"208\" height=\"300\" src=\"https:\/\/ww2.museosantacruz.org\/wp-content\/uploads\/2015\/04\/ALMARZA07-208x300.jpg\" class=\"attachment-medium size-medium\" alt=\"\" aria-describedby=\"gallery-1-1181\" srcset=\"https:\/\/ww2.museosantacruz.org\/wp-content\/uploads\/2015\/04\/ALMARZA07-208x300.jpg 208w, https:\/\/ww2.museosantacruz.org\/wp-content\/uploads\/2015\/04\/ALMARZA07.jpg 694w\" sizes=\"auto, (max-width: 208px) 100vw, 208px\" \/><\/a>\n\t\t\t<\/dt>\n\t\t\t\t<dd class='wp-caption-text gallery-caption' id='gallery-1-1181'>\n\t\t\t\tAlmarza &#8211; La Estaci\u00f3n, a\u00f1os 60\n\t\t\t\t<\/dd><\/dl><br style=\"clear: both\" \/><dl class='gallery-item'>\n\t\t\t<dt class='gallery-icon portrait'>\n\t\t\t\t<a href='https:\/\/ww2.museosantacruz.org\/wp-content\/uploads\/2015\/04\/ALMARZA06.jpg'><img loading=\"lazy\" decoding=\"async\" width=\"209\" height=\"300\" src=\"https:\/\/ww2.museosantacruz.org\/wp-content\/uploads\/2015\/04\/ALMARZA06-209x300.jpg\" class=\"attachment-medium size-medium\" alt=\"\" aria-describedby=\"gallery-1-1180\" srcset=\"https:\/\/ww2.museosantacruz.org\/wp-content\/uploads\/2015\/04\/ALMARZA06-209x300.jpg 209w, https:\/\/ww2.museosantacruz.org\/wp-content\/uploads\/2015\/04\/ALMARZA06.jpg 695w\" sizes=\"auto, (max-width: 209px) 100vw, 209px\" \/><\/a>\n\t\t\t<\/dt>\n\t\t\t\t<dd class='wp-caption-text gallery-caption' id='gallery-1-1180'>\n\t\t\t\tAlmarza &#8211; La Cava, a\u00f1os 50\n\t\t\t\t<\/dd><\/dl><dl class='gallery-item'>\n\t\t\t<dt class='gallery-icon landscape'>\n\t\t\t\t<a href='https:\/\/ww2.museosantacruz.org\/wp-content\/uploads\/2015\/04\/ALMARZA05.jpg'><img loading=\"lazy\" decoding=\"async\" width=\"300\" height=\"209\" src=\"https:\/\/ww2.museosantacruz.org\/wp-content\/uploads\/2015\/04\/ALMARZA05-300x209.jpg\" class=\"attachment-medium size-medium\" alt=\"\" aria-describedby=\"gallery-1-1179\" srcset=\"https:\/\/ww2.museosantacruz.org\/wp-content\/uploads\/2015\/04\/ALMARZA05-300x209.jpg 300w, https:\/\/ww2.museosantacruz.org\/wp-content\/uploads\/2015\/04\/ALMARZA05.jpg 1000w\" sizes=\"auto, (max-width: 300px) 100vw, 300px\" \/><\/a>\n\t\t\t<\/dt>\n\t\t\t\t<dd class='wp-caption-text gallery-caption' id='gallery-1-1179'>\n\t\t\t\tAlmarza &#8211; Los Ca\u00f1os, a\u00f1os 60\n\t\t\t\t<\/dd><\/dl><br style=\"clear: both\" \/><dl class='gallery-item'>\n\t\t\t<dt class='gallery-icon portrait'>\n\t\t\t\t<a href='https:\/\/ww2.museosantacruz.org\/wp-content\/uploads\/2015\/04\/ALMARZA02.jpg'><img loading=\"lazy\" decoding=\"async\" width=\"209\" height=\"300\" src=\"https:\/\/ww2.museosantacruz.org\/wp-content\/uploads\/2015\/04\/ALMARZA02-209x300.jpg\" class=\"attachment-medium size-medium\" alt=\"\" aria-describedby=\"gallery-1-1176\" srcset=\"https:\/\/ww2.museosantacruz.org\/wp-content\/uploads\/2015\/04\/ALMARZA02-209x300.jpg 209w, https:\/\/ww2.museosantacruz.org\/wp-content\/uploads\/2015\/04\/ALMARZA02.jpg 695w\" sizes=\"auto, (max-width: 209px) 100vw, 209px\" \/><\/a>\n\t\t\t<\/dt>\n\t\t\t\t<dd class='wp-caption-text gallery-caption' id='gallery-1-1176'>\n\t\t\t\tAlmarza &#8211; Iglesia de San Miguel\n\t\t\t\t<\/dd><\/dl><dl class='gallery-item'>\n\t\t\t<dt class='gallery-icon portrait'>\n\t\t\t\t<a href='https:\/\/ww2.museosantacruz.org\/wp-content\/uploads\/2015\/04\/ALMARZA04.jpg'><img loading=\"lazy\" decoding=\"async\" width=\"209\" height=\"300\" src=\"https:\/\/ww2.museosantacruz.org\/wp-content\/uploads\/2015\/04\/ALMARZA04-209x300.jpg\" class=\"attachment-medium size-medium\" alt=\"\" aria-describedby=\"gallery-1-1178\" srcset=\"https:\/\/ww2.museosantacruz.org\/wp-content\/uploads\/2015\/04\/ALMARZA04-209x300.jpg 209w, https:\/\/ww2.museosantacruz.org\/wp-content\/uploads\/2015\/04\/ALMARZA04.jpg 695w\" sizes=\"auto, (max-width: 209px) 100vw, 209px\" \/><\/a>\n\t\t\t<\/dt>\n\t\t\t\t<dd class='wp-caption-text gallery-caption' id='gallery-1-1178'>\n\t\t\t\tAlmarza &#8211; Camino del Gram\u00f3n, a\u00f1os 60\n\t\t\t\t<\/dd><\/dl><br style=\"clear: both\" \/><dl class='gallery-item'>\n\t\t\t<dt class='gallery-icon portrait'>\n\t\t\t\t<a href='https:\/\/ww2.museosantacruz.org\/wp-content\/uploads\/2015\/04\/ALMARZA03.jpg'><img loading=\"lazy\" decoding=\"async\" width=\"208\" height=\"300\" src=\"https:\/\/ww2.museosantacruz.org\/wp-content\/uploads\/2015\/04\/ALMARZA03-208x300.jpg\" class=\"attachment-medium size-medium\" alt=\"\" aria-describedby=\"gallery-1-1177\" srcset=\"https:\/\/ww2.museosantacruz.org\/wp-content\/uploads\/2015\/04\/ALMARZA03-208x300.jpg 208w, https:\/\/ww2.museosantacruz.org\/wp-content\/uploads\/2015\/04\/ALMARZA03.jpg 692w\" sizes=\"auto, (max-width: 208px) 100vw, 208px\" \/><\/a>\n\t\t\t<\/dt>\n\t\t\t\t<dd class='wp-caption-text gallery-caption' id='gallery-1-1177'>\n\t\t\t\tAlmarza &#8211; El Arco de la Villa, a\u00f1os 50\n\t\t\t\t<\/dd><\/dl><dl class='gallery-item'>\n\t\t\t<dt class='gallery-icon portrait'>\n\t\t\t\t<a href='https:\/\/ww2.museosantacruz.org\/wp-content\/uploads\/2015\/04\/ALMARZA01.jpg'><img loading=\"lazy\" decoding=\"async\" width=\"208\" height=\"300\" src=\"https:\/\/ww2.museosantacruz.org\/wp-content\/uploads\/2015\/04\/ALMARZA01-208x300.jpg\" class=\"attachment-medium size-medium\" alt=\"\" aria-describedby=\"gallery-1-1175\" srcset=\"https:\/\/ww2.museosantacruz.org\/wp-content\/uploads\/2015\/04\/ALMARZA01-208x300.jpg 208w, https:\/\/ww2.museosantacruz.org\/wp-content\/uploads\/2015\/04\/ALMARZA01.jpg 694w\" sizes=\"auto, (max-width: 208px) 100vw, 208px\" \/><\/a>\n\t\t\t<\/dt>\n\t\t\t\t<dd class='wp-caption-text gallery-caption' id='gallery-1-1175'>\n\t\t\t\tAlmarza &#8211; El \u00c1rbol de San Miguel\n\t\t\t\t<\/dd><\/dl><br style=\"clear: both\" \/>\n\t\t<\/div>\n\n<div id=\"attachment_2604\" style=\"width: 521px\" class=\"wp-caption aligncenter\"><img loading=\"lazy\" decoding=\"async\" aria-describedby=\"caption-attachment-2604\" class=\"wp-image-2604\" src=\"https:\/\/ww2.museosantacruz.org\/wp-content\/uploads\/2020\/04\/almarza-1-1024x768.jpg\" alt=\"\" width=\"511\" height=\"375\" \/><p id=\"caption-attachment-2604\" class=\"wp-caption-text\">Santiago Almarza Caballero (1931 &#8211; 2020)<\/p><\/div>\n<p><iframe loading=\"lazy\" title=\"Exposici\u00f3n de santiago almarza\" frameborder=\"0\" width=\"900\" height=\"630\" src=\"https:\/\/www.dailymotion.com\/embed\/video\/x7ij6z?pubtool=oembed\" allowfullscreen allow=\"autoplay\"><\/iframe><\/p>\n<h5>Nuestro agradecimiento una vez m\u00e1s a GROSAN que realiz\u00f3 este video en la exposici\u00f3n que ACAME hizo en 2008 a Santiago Almarza y su obra.<\/h5>\n<p><strong>Os recordamos que en nuestro <a href=\"https:\/\/ww2.museosantacruz.org\/?page_id=860#12\" target=\"_blank\" rel=\"noopener noreferrer\">Archivo<\/a> pod\u00e9is consultar algunos poemas, textos y caricaturas de personajes de nuestro pueblo, obra de Santiago Almarza.<\/strong><\/p>\n<p>Gracias por dejar vuestros pensamientos y recuerdos m\u00e1s abajo. Se los haremos llegar a su familia.<\/p>\n","protected":false},"excerpt":{"rendered":"<p>Cuando el mundo est\u00e1 tan lleno de dolor es dif\u00edcil sentir m\u00e1s, pero as\u00ed ocurre cuando nos deja un hombre bueno, tan ligado a nuestro pueblo. Nadie dibuj\u00f3 Santa Cruz c\u00f3mo lo hizo Santiago Almarza. Todos tenemos alguna copia de dibujos suyos en casa, y esa tarea no ha sido&#8230; <a class=\"continue-reading-link\" href=\"https:\/\/ww2.museosantacruz.org\/?p=2591\">Continue reading<\/a><\/p>\n","protected":false},"author":1,"featured_media":0,"comment_status":"open","ping_status":"closed","sticky":false,"template":"","format":"standard","meta":{"footnotes":""},"categories":[13],"tags":[],"class_list":["post-2591","post","type-post","status-publish","format-standard","hentry","category-acame"],"_links":{"self":[{"href":"https:\/\/ww2.museosantacruz.org\/index.php?rest_route=\/wp\/v2\/posts\/2591","targetHints":{"allow":["GET"]}}],"collection":[{"href":"https:\/\/ww2.museosantacruz.org\/index.php?rest_route=\/wp\/v2\/posts"}],"about":[{"href":"https:\/\/ww2.museosantacruz.org\/index.php?rest_route=\/wp\/v2\/types\/post"}],"author":[{"embeddable":true,"href":"https:\/\/ww2.museosantacruz.org\/index.php?rest_route=\/wp\/v2\/users\/1"}],"replies":[{"embeddable":true,"href":"https:\/\/ww2.museosantacruz.org\/index.php?rest_route=%2Fwp%2Fv2%2Fcomments&post=2591"}],"version-history":[{"count":12,"href":"https:\/\/ww2.museosantacruz.org\/index.php?rest_route=\/wp\/v2\/posts\/2591\/revisions"}],"predecessor-version":[{"id":2609,"href":"https:\/\/ww2.museosantacruz.org\/index.php?rest_route=\/wp\/v2\/posts\/2591\/revisions\/2609"}],"wp:attachment":[{"href":"https:\/\/ww2.museosantacruz.org\/index.php?rest_route=%2Fwp%2Fv2%2Fmedia&parent=2591"}],"wp:term":[{"taxonomy":"category","embeddable":true,"href":"https:\/\/ww2.museosantacruz.org\/index.php?rest_route=%2Fwp%2Fv2%2Fcategories&post=2591"},{"taxonomy":"post_tag","embeddable":true,"href":"https:\/\/ww2.museosantacruz.org\/index.php?rest_route=%2Fwp%2Fv2%2Ftags&post=2591"}],"curies":[{"name":"wp","href":"https:\/\/api.w.org\/{rel}","templated":true}]}}