{"id":2765,"date":"2022-09-18T12:57:15","date_gmt":"2022-09-18T10:57:15","guid":{"rendered":"https:\/\/ww2.museosantacruz.org\/?p=2765"},"modified":"2023-01-30T17:47:22","modified_gmt":"2023-01-30T15:47:22","slug":"el-japon-en-los-angeles-archivos-de-amalia-avia","status":"publish","type":"post","link":"https:\/\/ww2.museosantacruz.org\/?p=2765","title":{"rendered":"El Jap\u00f3n en Los \u00c1ngeles &#8211; Archivos de Amalia Avia"},"content":{"rendered":"<p><span style=\"color: #800000;\"><b>Amalia Avia<\/b><\/span> fue, mientras vivi\u00f3, una de las pintoras m\u00e1s relevantes del panorama art\u00edstico espa\u00f1ol.<\/p>\n<p>Su obra forma parte de importantes colecciones como la del Museo Reina Sof\u00eda, Museo de Arte Contempor\u00e1neo de Madrid, Museo Artium de Vitoria, Banco de Espa\u00f1a, C\u00edrculo de Bellas Artes, BBVA, Banco Santander, Fundaci\u00f3n ENAIRE y Fundaci\u00f3n Juan March, entre otras, as\u00ed como de numerosas colecciones privadas.<\/p>\n<p>En 2022 la Comunidad de Madrid va a organizar una exposici\u00f3n con m\u00e1s de 110 obras, que reivindica su figura y la coloca a la altura de artistas como Antonio L\u00f3pez Garc\u00eda.<\/p>\n<p>La exposici\u00f3n estar\u00e1 abierta desde el 23 de septiemre de 2022 hasta el 15 de enero de 2023.<\/p>\n<p><strong>Para <a href=\"https:\/\/www.comunidad.madrid\/actividades\/2022\/exposicion-japon-angeles-archivos-amalia-avia\" target=\"_blank\" rel=\"noopener\">m\u00e1s informaci\u00f3n sobre la exposici\u00f3n y actividades.<\/a><\/strong><\/p>\n<p>Os informamos, adem\u00e1s, que hemos elaborado hay disponible una <strong>\u00abGeograf\u00eda pict\u00f3rica de Amalia Avia\u00bb.<\/strong><\/p>\n<p>Para <strong>ampliar y abrir <\/strong>el mapa en una ventana nueva, pulsad en el recuadro de arriba a la derecha de la banda negra encima del mapa.<\/p>\n<p>El mapa tiene 3 capas:<\/p>\n<ol>\n<li><strong>Obras en la Exposici\u00f3n Antol\u00f3gica en la Sala Alcal\u00e1 31 de Madrid<\/strong><\/li>\n<li><strong>Otros lugares (Espa\u00f1a)<\/strong> de obras referidas a lugares en Espa\u00f1a que no est\u00e1n en la exposici\u00f3n<\/li>\n<li><strong>Lugares fuera de Espa\u00f1a <\/strong>(Francia, Portugal, USA, etc.,.)<\/li>\n<\/ol>\n<p>Las capas se pueden activar \/ desactivar \/ combinar pulsando en los botones a la izquierda del nombre de la capa.<br \/>\nTambi\u00e9n es posible buscar por t\u00edtulos de las obras, calles, ciudades&#8230;<br \/>\nMuchas de las obras incluyen 2 im\u00e1genes: la del cuadro y la del lugar, tal como es actualmente.<br \/>\nY si ampli\u00e1is mucho el mapa sobre Santa Cruz podr\u00e9is \u00abver\u00bb bastantes obras sobre nuestro pueblo&#8230;<\/p>\n<p><center><iframe loading=\"lazy\" src=\"https:\/\/www.google.com\/maps\/d\/embed?mid=1KMEZ557NYrofnefOB-El0u55h8jsvh4&amp;ehbc=2E312F\" width=\"640\" height=\"480\"><\/iframe><strong> <a href=\"https:\/\/www.google.com\/maps\/d\/viewer?mid=1KMEZ557NYrofnefOB-El0u55h8jsvh4&amp;ll=40.42547399416177%2C-3.692339883911142&amp;z=13\" target=\"_blank\" rel=\"noopener\"><br \/>\n<\/a><\/strong><\/center>&nbsp;<\/p>\n","protected":false},"excerpt":{"rendered":"<p>Amalia Avia fue, mientras vivi\u00f3, una de las pintoras m\u00e1s relevantes del panorama art\u00edstico espa\u00f1ol. Su obra forma parte de importantes colecciones como la del Museo Reina Sof\u00eda, Museo de Arte Contempor\u00e1neo de Madrid, Museo Artium de Vitoria, Banco de Espa\u00f1a, C\u00edrculo de Bellas Artes, BBVA, Banco Santander, Fundaci\u00f3n ENAIRE&#8230; <a class=\"continue-reading-link\" href=\"https:\/\/ww2.museosantacruz.org\/?p=2765\">Continue reading<\/a><\/p>\n","protected":false},"author":1,"featured_media":0,"comment_status":"open","ping_status":"open","sticky":false,"template":"","format":"standard","meta":{"footnotes":""},"categories":[13],"tags":[],"class_list":["post-2765","post","type-post","status-publish","format-standard","hentry","category-acame"],"_links":{"self":[{"href":"https:\/\/ww2.museosantacruz.org\/index.php?rest_route=\/wp\/v2\/posts\/2765","targetHints":{"allow":["GET"]}}],"collection":[{"href":"https:\/\/ww2.museosantacruz.org\/index.php?rest_route=\/wp\/v2\/posts"}],"about":[{"href":"https:\/\/ww2.museosantacruz.org\/index.php?rest_route=\/wp\/v2\/types\/post"}],"author":[{"embeddable":true,"href":"https:\/\/ww2.museosantacruz.org\/index.php?rest_route=\/wp\/v2\/users\/1"}],"replies":[{"embeddable":true,"href":"https:\/\/ww2.museosantacruz.org\/index.php?rest_route=%2Fwp%2Fv2%2Fcomments&post=2765"}],"version-history":[{"count":21,"href":"https:\/\/ww2.museosantacruz.org\/index.php?rest_route=\/wp\/v2\/posts\/2765\/revisions"}],"predecessor-version":[{"id":2912,"href":"https:\/\/ww2.museosantacruz.org\/index.php?rest_route=\/wp\/v2\/posts\/2765\/revisions\/2912"}],"wp:attachment":[{"href":"https:\/\/ww2.museosantacruz.org\/index.php?rest_route=%2Fwp%2Fv2%2Fmedia&parent=2765"}],"wp:term":[{"taxonomy":"category","embeddable":true,"href":"https:\/\/ww2.museosantacruz.org\/index.php?rest_route=%2Fwp%2Fv2%2Fcategories&post=2765"},{"taxonomy":"post_tag","embeddable":true,"href":"https:\/\/ww2.museosantacruz.org\/index.php?rest_route=%2Fwp%2Fv2%2Ftags&post=2765"}],"curies":[{"name":"wp","href":"https:\/\/api.w.org\/{rel}","templated":true}]}}