{"id":3053,"date":"2023-02-06T11:57:20","date_gmt":"2023-02-06T12:57:20","guid":{"rendered":"https:\/\/ww2.museosantacruz.org\/?p=3053"},"modified":"2023-02-06T12:25:58","modified_gmt":"2023-02-06T13:25:58","slug":"nuevos-contenidos-santa-cruz-visto-por-sus-pintores","status":"publish","type":"post","link":"https:\/\/ww2.museosantacruz.org\/?p=3053","title":{"rendered":"Nuevos contenidos: Santa Cruz visto por sus pintores"},"content":{"rendered":"<h4>Buenos d\u00edas:<\/h4>\n<h4>Os informamos de que estamos a\u00f1adiendo nuevos contenidos a nuestra web.<\/h4>\n<h4>Desde hoy pod\u00e9is visitar dos <span style=\"color: #800000\">Exposiciones virtuales<\/span> de artistas santacruceros.<\/h4>\n<ul>\n<li>\n<h4><a href=\"https:\/\/ww2.museosantacruz.org\/?page_id=2964\">Exposici\u00f3n virtual de Amalia Avia -&gt; <\/a><img loading=\"lazy\" decoding=\"async\" class=\"wp-image-3056 alignnone\" src=\"https:\/\/ww2.museosantacruz.org\/wp-content\/uploads\/2023\/02\/nuevo.png\" alt=\"\" width=\"81\" height=\"23\" \/><\/h4>\n<\/li>\n<li>\n<h4><a href=\"https:\/\/ww2.museosantacruz.org\/?page_id=3023\">Exposici\u00f3n virtual de Santiago Almarza y Tom\u00e1s Medina -&gt; <\/a><img loading=\"lazy\" decoding=\"async\" class=\"wp-image-3056 alignnone\" src=\"https:\/\/ww2.museosantacruz.org\/wp-content\/uploads\/2023\/02\/nuevo.png\" alt=\"\" width=\"84\" height=\"26\" srcset=\"https:\/\/ww2.museosantacruz.org\/wp-content\/uploads\/2023\/02\/nuevo.png 450w, https:\/\/ww2.museosantacruz.org\/wp-content\/uploads\/2023\/02\/nuevo-300x93.png 300w, https:\/\/ww2.museosantacruz.org\/wp-content\/uploads\/2023\/02\/nuevo-150x47.png 150w\" sizes=\"auto, (max-width: 84px) 100vw, 84px\" \/><\/h4>\n<\/li>\n<\/ul>\n<h4>La entrada es gratis. Esperamos que os guste.<\/h4>\n<h4><em>La Redacci\u00f3n<\/em><\/h4>\n<p>&nbsp;<\/p>\n","protected":false},"excerpt":{"rendered":"<p>Buenos d\u00edas: Os informamos de que estamos a\u00f1adiendo nuevos contenidos a nuestra web. Desde hoy pod\u00e9is visitar dos Exposiciones virtuales de artistas santacruceros. Exposici\u00f3n virtual de Amalia Avia -&gt; Exposici\u00f3n virtual de Santiago Almarza y Tom\u00e1s Medina -&gt; La entrada es gratis. Esperamos que os guste. La Redacci\u00f3n &nbsp; <a class=\"continue-reading-link\" href=\"https:\/\/ww2.museosantacruz.org\/?p=3053\">Continue reading<\/a><\/p>\n","protected":false},"author":1,"featured_media":0,"comment_status":"closed","ping_status":"open","sticky":false,"template":"","format":"standard","meta":{"footnotes":""},"categories":[13],"tags":[],"class_list":["post-3053","post","type-post","status-publish","format-standard","hentry","category-acame"],"_links":{"self":[{"href":"https:\/\/ww2.museosantacruz.org\/index.php?rest_route=\/wp\/v2\/posts\/3053","targetHints":{"allow":["GET"]}}],"collection":[{"href":"https:\/\/ww2.museosantacruz.org\/index.php?rest_route=\/wp\/v2\/posts"}],"about":[{"href":"https:\/\/ww2.museosantacruz.org\/index.php?rest_route=\/wp\/v2\/types\/post"}],"author":[{"embeddable":true,"href":"https:\/\/ww2.museosantacruz.org\/index.php?rest_route=\/wp\/v2\/users\/1"}],"replies":[{"embeddable":true,"href":"https:\/\/ww2.museosantacruz.org\/index.php?rest_route=%2Fwp%2Fv2%2Fcomments&post=3053"}],"version-history":[{"count":8,"href":"https:\/\/ww2.museosantacruz.org\/index.php?rest_route=\/wp\/v2\/posts\/3053\/revisions"}],"predecessor-version":[{"id":3062,"href":"https:\/\/ww2.museosantacruz.org\/index.php?rest_route=\/wp\/v2\/posts\/3053\/revisions\/3062"}],"wp:attachment":[{"href":"https:\/\/ww2.museosantacruz.org\/index.php?rest_route=%2Fwp%2Fv2%2Fmedia&parent=3053"}],"wp:term":[{"taxonomy":"category","embeddable":true,"href":"https:\/\/ww2.museosantacruz.org\/index.php?rest_route=%2Fwp%2Fv2%2Fcategories&post=3053"},{"taxonomy":"post_tag","embeddable":true,"href":"https:\/\/ww2.museosantacruz.org\/index.php?rest_route=%2Fwp%2Fv2%2Ftags&post=3053"}],"curies":[{"name":"wp","href":"https:\/\/api.w.org\/{rel}","templated":true}]}}