{"id":3445,"date":"2023-03-15T11:22:42","date_gmt":"2023-03-15T12:22:42","guid":{"rendered":"https:\/\/ww2.museosantacruz.org\/?p=3445"},"modified":"2023-03-16T14:47:05","modified_gmt":"2023-03-16T15:47:05","slug":"tenemos-un-nuevo-album-de-fotos","status":"publish","type":"post","link":"https:\/\/ww2.museosantacruz.org\/?p=3445","title":{"rendered":"Tenemos un nuevo \u00e1lbum de fotos"},"content":{"rendered":"<p>Gracias a la generosidad de nuestro amigo Delf\u00edn S\u00e1nchez, hemos creado un \u00e1lbum fotogr\u00e1fico de los a\u00f1os 50.<\/p>\n<p>Se trata de fotos del archivo de C\u00e9sar S\u00e1nchez Rivas, seleccionadas y coloreadas por su hijo <a href=\"https:\/\/www.facebook.com\/delfin.sanchezgarcia.3\" target=\"_blank\" rel=\"noopener\">Delf\u00edn S\u00e1nchez<\/a>.<\/p>\n<div id=\"attachment_3428\" style=\"width: 339px\" class=\"wp-caption aligncenter\"><a href=\"https:\/\/ww2.museosantacruz.org\/?page_id=3436\"><img loading=\"lazy\" decoding=\"async\" aria-describedby=\"caption-attachment-3428\" class=\"wp-image-3428\" title=\"Delf\u00edn S\u00e1nchez con su escopeta\" src=\"https:\/\/ww2.museosantacruz.org\/wp-content\/uploads\/2023\/03\/Delfin-con-su-ecopeta-714x1024.jpg\" alt=\"\" width=\"329\" height=\"472\" srcset=\"https:\/\/ww2.museosantacruz.org\/wp-content\/uploads\/2023\/03\/Delfin-con-su-ecopeta-714x1024.jpg 714w, https:\/\/ww2.museosantacruz.org\/wp-content\/uploads\/2023\/03\/Delfin-con-su-ecopeta-209x300.jpg 209w, https:\/\/ww2.museosantacruz.org\/wp-content\/uploads\/2023\/03\/Delfin-con-su-ecopeta-768x1102.jpg 768w, https:\/\/ww2.museosantacruz.org\/wp-content\/uploads\/2023\/03\/Delfin-con-su-ecopeta-244x350.jpg 244w, https:\/\/ww2.museosantacruz.org\/wp-content\/uploads\/2023\/03\/Delfin-con-su-ecopeta-105x150.jpg 105w, https:\/\/ww2.museosantacruz.org\/wp-content\/uploads\/2023\/03\/Delfin-con-su-ecopeta-418x600.jpg 418w, https:\/\/ww2.museosantacruz.org\/wp-content\/uploads\/2023\/03\/Delfin-con-su-ecopeta.jpg 1040w\" sizes=\"auto, (max-width: 329px) 100vw, 329px\" \/><\/a><p id=\"caption-attachment-3428\" class=\"wp-caption-text\"><em>Delf\u00edn S\u00e1nchez con su escopeta<\/em><\/p><\/div>\n<p style=\"text-align: center;\">Pulsad en la foto para ir al <a href=\"https:\/\/ww2.museosantacruz.org\/?page_id=3436\">nuevo \u00e1lbum<\/a>.<\/p>\n","protected":false},"excerpt":{"rendered":"<p>Gracias a la generosidad de nuestro amigo Delf\u00edn S\u00e1nchez, hemos creado un \u00e1lbum fotogr\u00e1fico de los a\u00f1os 50. Se trata de fotos del archivo de C\u00e9sar S\u00e1nchez Rivas, seleccionadas y coloreadas por su hijo Delf\u00edn S\u00e1nchez. Pulsad en la foto para ir al nuevo \u00e1lbum. <a class=\"continue-reading-link\" href=\"https:\/\/ww2.museosantacruz.org\/?p=3445\">Continue reading<\/a><\/p>\n","protected":false},"author":1,"featured_media":0,"comment_status":"open","ping_status":"open","sticky":false,"template":"","format":"standard","meta":{"footnotes":""},"categories":[13],"tags":[],"class_list":["post-3445","post","type-post","status-publish","format-standard","hentry","category-acame"],"_links":{"self":[{"href":"https:\/\/ww2.museosantacruz.org\/index.php?rest_route=\/wp\/v2\/posts\/3445","targetHints":{"allow":["GET"]}}],"collection":[{"href":"https:\/\/ww2.museosantacruz.org\/index.php?rest_route=\/wp\/v2\/posts"}],"about":[{"href":"https:\/\/ww2.museosantacruz.org\/index.php?rest_route=\/wp\/v2\/types\/post"}],"author":[{"embeddable":true,"href":"https:\/\/ww2.museosantacruz.org\/index.php?rest_route=\/wp\/v2\/users\/1"}],"replies":[{"embeddable":true,"href":"https:\/\/ww2.museosantacruz.org\/index.php?rest_route=%2Fwp%2Fv2%2Fcomments&post=3445"}],"version-history":[{"count":6,"href":"https:\/\/ww2.museosantacruz.org\/index.php?rest_route=\/wp\/v2\/posts\/3445\/revisions"}],"predecessor-version":[{"id":3453,"href":"https:\/\/ww2.museosantacruz.org\/index.php?rest_route=\/wp\/v2\/posts\/3445\/revisions\/3453"}],"wp:attachment":[{"href":"https:\/\/ww2.museosantacruz.org\/index.php?rest_route=%2Fwp%2Fv2%2Fmedia&parent=3445"}],"wp:term":[{"taxonomy":"category","embeddable":true,"href":"https:\/\/ww2.museosantacruz.org\/index.php?rest_route=%2Fwp%2Fv2%2Fcategories&post=3445"},{"taxonomy":"post_tag","embeddable":true,"href":"https:\/\/ww2.museosantacruz.org\/index.php?rest_route=%2Fwp%2Fv2%2Ftags&post=3445"}],"curies":[{"name":"wp","href":"https:\/\/api.w.org\/{rel}","templated":true}]}}