{"id":3580,"date":"2023-08-24T19:03:46","date_gmt":"2023-08-24T20:03:46","guid":{"rendered":"https:\/\/ww2.museosantacruz.org\/?p=3580"},"modified":"2023-08-26T09:38:30","modified_gmt":"2023-08-26T10:38:30","slug":"el-sotano-1","status":"publish","type":"post","link":"https:\/\/ww2.museosantacruz.org\/?p=3580","title":{"rendered":"El S\u00f3tano (1)"},"content":{"rendered":"<h4 style=\"text-align: left;\">Autor del cuadro: Jos\u00e9 Mar\u00eda G\u00f3mez Rodriguez-Monge (Taller de Jos\u00e9 Mar\u00eda Pe\u00f1a)<img loading=\"lazy\" decoding=\"async\" class=\"aligncenter size-large wp-image-3582\" src=\"https:\/\/ww2.museosantacruz.org\/wp-content\/uploads\/2023\/08\/elsotano-1024x749.jpeg\" alt=\"Autor: Jos\u00e9 Mar\u00eda G\u00f3mez Rodr\u00edguez-Monge (Taller de Jos\u00e9 Mar\u00eda Pe\u00f1a)\" width=\"900\" height=\"658\" srcset=\"https:\/\/ww2.museosantacruz.org\/wp-content\/uploads\/2023\/08\/elsotano-1024x749.jpeg 1024w, https:\/\/ww2.museosantacruz.org\/wp-content\/uploads\/2023\/08\/elsotano-300x219.jpeg 300w, https:\/\/ww2.museosantacruz.org\/wp-content\/uploads\/2023\/08\/elsotano-768x561.jpeg 768w, https:\/\/ww2.museosantacruz.org\/wp-content\/uploads\/2023\/08\/elsotano-1536x1123.jpeg 1536w, https:\/\/ww2.museosantacruz.org\/wp-content\/uploads\/2023\/08\/elsotano-479x350.jpeg 479w, https:\/\/ww2.museosantacruz.org\/wp-content\/uploads\/2023\/08\/elsotano-150x110.jpeg 150w, https:\/\/ww2.museosantacruz.org\/wp-content\/uploads\/2023\/08\/elsotano.jpeg 2048w\" sizes=\"auto, (max-width: 900px) 100vw, 900px\" \/><br \/>\nEl reloj de Ayuntamiento, aquella farola en mitad de la plaza, los \u00e1rboles, su pavimentado de adoquines y las tiendas y bares que tantos recuerdos nos evocan, tantas vidas. Las tiendas desaparecieron, y los bailes, y los bares unos se cerraron y otros cambiaron.<\/h4>\n<h4 style=\"text-align: left;\">Solo uno ha perdurado a lo largo de los a\u00f1os, y ahora se cerrar\u00e1, para el <a href=\"https:\/\/ww2.museosantacruz.org\/?p=3584\">merecido<\/a> descanso de quien en los \u00faltimos a\u00f1os lo gestion\u00f3. Serrano, hijo y nieto de los anteriores Serranos.<br \/>\nAquel caf\u00e9 de madrugada a la espera del bus o la \u00ab<em>raspa<\/em>\u00bb a la Estaci\u00f3n. Caf\u00e9 con unas gotitas de quitapenas.<\/h4>\n<h4 style=\"text-align: left;\">Los m\u00e1s mayores en los bancos y taburetes de la plaza, al lado el Ayuntamiento. \u00a1Lo que ha visto pasar el S\u00f3tano !. El discurrir del d\u00eda a d\u00eda del pueblo, del siglo y pico de vidas.\u00a0 Los tintos, los botellines y los callos, el champi\u00f1\u00f3n, las patatas y los cacahuetes<em> al tablero.<\/em><\/h4>\n<h4 style=\"text-align: left;\">Lugar de tertulias del campo, de la sequ\u00eda, de f\u00fatbol, de pol\u00edtica, de noviazgos, bodas, bautizos y de la \u00faltima <em>cabez\u00e1<\/em> antes de emprender camino Empedrada abajo. De lo divino, aunque mucho m\u00e1s de lo humano. Esos taburetes y mesas en el estrecho de <span style=\"color: #800000;\"><strong>\u00abEl S\u00f3tano\u00bb <\/strong><\/span>han o\u00eddo y visto pasar la historia, alegr\u00edas, y penas, <em>sol y sombra<\/em>.<\/h4>\n<h4 style=\"text-align: left;\">Tres generaciones de Serranos. Muchos a\u00f1os, recuerdos y vivencias bajo del viejo reloj, sus campanadas. Y el pasar -a veces correr- el tiempo de este pueblo. Historia de la Plaza, del pueblo.<\/h4>\n<h4 style=\"text-align: left;\">Habr\u00e1 que tom\u00e1rselo con tranquilidad y humor, esa que ten\u00edan, abuelo, hijo y nieto de los Serranos del S\u00f3tano.<\/h4>\n<h4 style=\"text-align: left;\">Brindemos con la pen\u00faltima por <span style=\"color: #800000;\"><strong>el S\u00f3tano, el Sotanillo, <em>enc\u00e1<\/em> Serrano<\/strong> <\/span>y sus recuerdos. Esos alegres momentos en el S\u00f3tano, a diario, los fines de semana y las fiestas de guardar. Guardamos esos buenos momentos, tertulias, amistades y ratos de parte de nuestras vida bajo el reloj de la plaza de nuestro pueblo<\/h4>\n<h4><span style=\"color: #800000;\"><strong>Alfredo Avia Aranda<\/strong><\/span><\/h4>\n<p>&nbsp;<\/p>\n<h3 style=\"text-align: center;\"><a href=\"https:\/\/ww2.museosantacruz.org\/?p=3584\"><span style=\"color: #800000;\">El S\u00f3tano (2)<\/span><\/a><\/h3>\n<p>&nbsp;<\/p>\n","protected":false},"excerpt":{"rendered":"<p>Autor del cuadro: Jos\u00e9 Mar\u00eda G\u00f3mez Rodriguez-Monge (Taller de Jos\u00e9 Mar\u00eda Pe\u00f1a) El reloj de Ayuntamiento, aquella farola en mitad de la plaza, los \u00e1rboles, su pavimentado de adoquines y las tiendas y bares que tantos recuerdos nos evocan, tantas vidas. Las tiendas desaparecieron, y los bailes, y los bares&#8230; <a class=\"continue-reading-link\" href=\"https:\/\/ww2.museosantacruz.org\/?p=3580\">Continue reading<\/a><\/p>\n","protected":false},"author":1,"featured_media":0,"comment_status":"closed","ping_status":"open","sticky":false,"template":"","format":"standard","meta":{"footnotes":""},"categories":[13],"tags":[],"class_list":["post-3580","post","type-post","status-publish","format-standard","hentry","category-acame"],"_links":{"self":[{"href":"https:\/\/ww2.museosantacruz.org\/index.php?rest_route=\/wp\/v2\/posts\/3580","targetHints":{"allow":["GET"]}}],"collection":[{"href":"https:\/\/ww2.museosantacruz.org\/index.php?rest_route=\/wp\/v2\/posts"}],"about":[{"href":"https:\/\/ww2.museosantacruz.org\/index.php?rest_route=\/wp\/v2\/types\/post"}],"author":[{"embeddable":true,"href":"https:\/\/ww2.museosantacruz.org\/index.php?rest_route=\/wp\/v2\/users\/1"}],"replies":[{"embeddable":true,"href":"https:\/\/ww2.museosantacruz.org\/index.php?rest_route=%2Fwp%2Fv2%2Fcomments&post=3580"}],"version-history":[{"count":14,"href":"https:\/\/ww2.museosantacruz.org\/index.php?rest_route=\/wp\/v2\/posts\/3580\/revisions"}],"predecessor-version":[{"id":3601,"href":"https:\/\/ww2.museosantacruz.org\/index.php?rest_route=\/wp\/v2\/posts\/3580\/revisions\/3601"}],"wp:attachment":[{"href":"https:\/\/ww2.museosantacruz.org\/index.php?rest_route=%2Fwp%2Fv2%2Fmedia&parent=3580"}],"wp:term":[{"taxonomy":"category","embeddable":true,"href":"https:\/\/ww2.museosantacruz.org\/index.php?rest_route=%2Fwp%2Fv2%2Fcategories&post=3580"},{"taxonomy":"post_tag","embeddable":true,"href":"https:\/\/ww2.museosantacruz.org\/index.php?rest_route=%2Fwp%2Fv2%2Ftags&post=3580"}],"curies":[{"name":"wp","href":"https:\/\/api.w.org\/{rel}","templated":true}]}}