{"id":4658,"date":"2025-09-04T09:31:47","date_gmt":"2025-09-04T10:31:47","guid":{"rendered":"https:\/\/ww2.museosantacruz.org\/?p=4658"},"modified":"2025-09-04T11:18:16","modified_gmt":"2025-09-04T12:18:16","slug":"y-tu-estudias-o-vendimias","status":"publish","type":"post","link":"https:\/\/ww2.museosantacruz.org\/?p=4658","title":{"rendered":"Y t\u00fa, \u00bfestudias o vendimias?"},"content":{"rendered":"<p>Tiempo de <strong>vendimiar<\/strong>. Y, seg\u00fan dicen los agricultores, parece que cada a\u00f1o las vendimias <strong>se adelantan<\/strong>, ya sea por el tiempo, por el tipo de vid, por las t\u00e9cnicas de cultivo o por <em>las leyes del mercado<\/em>.<\/p>\n<p><a href=\"https:\/\/ww2.museosantacruz.org\/wp-content\/uploads\/2025\/09\/RegistroEscolar01.jpg\"><img loading=\"lazy\" decoding=\"async\" class=\"wp-image-4657 alignright\" src=\"https:\/\/ww2.museosantacruz.org\/wp-content\/uploads\/2025\/09\/RegistroEscolar01-593x1024.jpg\" alt=\"\" width=\"136\" height=\"235\" srcset=\"https:\/\/ww2.museosantacruz.org\/wp-content\/uploads\/2025\/09\/RegistroEscolar01-593x1024.jpg 593w, https:\/\/ww2.museosantacruz.org\/wp-content\/uploads\/2025\/09\/RegistroEscolar01-174x300.jpg 174w, https:\/\/ww2.museosantacruz.org\/wp-content\/uploads\/2025\/09\/RegistroEscolar01-768x1327.jpg 768w, https:\/\/ww2.museosantacruz.org\/wp-content\/uploads\/2025\/09\/RegistroEscolar01-889x1536.jpg 889w, https:\/\/ww2.museosantacruz.org\/wp-content\/uploads\/2025\/09\/RegistroEscolar01-203x350.jpg 203w, https:\/\/ww2.museosantacruz.org\/wp-content\/uploads\/2025\/09\/RegistroEscolar01-87x150.jpg 87w, https:\/\/ww2.museosantacruz.org\/wp-content\/uploads\/2025\/09\/RegistroEscolar01.jpg 1056w\" sizes=\"auto, (max-width: 136px) 100vw, 136px\" \/><\/a>Recordando las vendimias de 1950-1970 (<em>\u00a1tan <strong>diferentes<\/strong> a las de ahora!<\/em>), podemos saber con bastante exactitud cu\u00e1ndo empezaba y terminaba cada campa\u00f1a.<\/p>\n<div id=\"attachment_4653\" style=\"width: 263px\" class=\"wp-caption alignleft\"><a href=\"https:\/\/ww2.museosantacruz.org\/wp-content\/uploads\/2025\/09\/RegistroEscolar04-scaled.jpg\"><img loading=\"lazy\" decoding=\"async\" aria-describedby=\"caption-attachment-4653\" class=\"wp-image-4653\" src=\"https:\/\/ww2.museosantacruz.org\/wp-content\/uploads\/2025\/09\/RegistroEscolar04-471x1024.jpg\" alt=\"\" width=\"253\" height=\"550\" srcset=\"https:\/\/ww2.museosantacruz.org\/wp-content\/uploads\/2025\/09\/RegistroEscolar04-471x1024.jpg 471w, https:\/\/ww2.museosantacruz.org\/wp-content\/uploads\/2025\/09\/RegistroEscolar04-138x300.jpg 138w, https:\/\/ww2.museosantacruz.org\/wp-content\/uploads\/2025\/09\/RegistroEscolar04-768x1670.jpg 768w, https:\/\/ww2.museosantacruz.org\/wp-content\/uploads\/2025\/09\/RegistroEscolar04-706x1536.jpg 706w, https:\/\/ww2.museosantacruz.org\/wp-content\/uploads\/2025\/09\/RegistroEscolar04-942x2048.jpg 942w, https:\/\/ww2.museosantacruz.org\/wp-content\/uploads\/2025\/09\/RegistroEscolar04-161x350.jpg 161w, https:\/\/ww2.museosantacruz.org\/wp-content\/uploads\/2025\/09\/RegistroEscolar04-69x150.jpg 69w, https:\/\/ww2.museosantacruz.org\/wp-content\/uploads\/2025\/09\/RegistroEscolar04-scaled.jpg 1177w\" sizes=\"auto, (max-width: 253px) 100vw, 253px\" \/><\/a><p id=\"caption-attachment-4653\" class=\"wp-caption-text\">La columna de la izquierda (en l\u00e1piz) indica la <strong>edad de los alumnos<\/strong>.<\/p><\/div>\n<p>Para saberlo no hemos recurrido a los archivos de las bodegas, ni a los peri\u00f3dicos de la \u00e9poca, ni a la memoria de los m\u00e1s mayores, sino&#8230; a los <span style=\"color: #800000;\"><strong>Registros Escolares de Asistencia (\u00a1!)<\/strong><\/span>.<\/p>\n<p>En aquellos tiempos, todo el pueblo se volcaba en la vendimia y podemos decir que <strong>casi todos los santacruceros eran vendimiadores, incluyendo a los m\u00e1s peque\u00f1os (ni\u00f1os y ni\u00f1as).<\/strong><\/p>\n<p>Y las aulas (siempre <strong>en Octubre<\/strong>) quedaban vac\u00edas o desiertas, seg\u00fan puede verse en los registros.<\/p>\n<p>Las faltas de asistencia eran tantas que, alg\u00fan a\u00f1o, los maestros ten\u00edan que justificarlas anotando \u00ab<strong>Vacaciones de Vendimia\u00bb<\/strong> en sus registros, no fuera a ser que el Inspector presentase un informe desfavorable de los maestros.<\/p>\n<p>Algo parecido suced\u00eda, aunque en menor medida -por el fr\u00edo-, durante la recogida de aceituna.<\/p>\n<p>Con el tiempo (a\u00f1os 1980s), la tendencia fue muy distinta: los ni\u00f1os empezaron a dejar de trabajar en el campo, mientras que otros estudiantes del pueblo y forasteros (de Bachillerato y Universidad), acud\u00edan al pueblo y se convert\u00edan en vendimiadores para sacarse unos jornales.<\/p>\n<div id=\"attachment_4654\" style=\"width: 728px\" class=\"wp-caption alignright\"><a href=\"https:\/\/ww2.museosantacruz.org\/wp-content\/uploads\/2025\/09\/RegistroEscolar05-scaled.jpg\"><img loading=\"lazy\" decoding=\"async\" aria-describedby=\"caption-attachment-4654\" class=\" wp-image-4654\" src=\"https:\/\/ww2.museosantacruz.org\/wp-content\/uploads\/2025\/09\/RegistroEscolar05-1024x421.jpg\" alt=\"\" width=\"718\" height=\"295\" srcset=\"https:\/\/ww2.museosantacruz.org\/wp-content\/uploads\/2025\/09\/RegistroEscolar05-1024x421.jpg 1024w, https:\/\/ww2.museosantacruz.org\/wp-content\/uploads\/2025\/09\/RegistroEscolar05-300x123.jpg 300w, https:\/\/ww2.museosantacruz.org\/wp-content\/uploads\/2025\/09\/RegistroEscolar05-768x315.jpg 768w, https:\/\/ww2.museosantacruz.org\/wp-content\/uploads\/2025\/09\/RegistroEscolar05-1536x631.jpg 1536w, https:\/\/ww2.museosantacruz.org\/wp-content\/uploads\/2025\/09\/RegistroEscolar05-2048x841.jpg 2048w, https:\/\/ww2.museosantacruz.org\/wp-content\/uploads\/2025\/09\/RegistroEscolar05-852x350.jpg 852w, https:\/\/ww2.museosantacruz.org\/wp-content\/uploads\/2025\/09\/RegistroEscolar05-150x62.jpg 150w\" sizes=\"auto, (max-width: 718px) 100vw, 718px\" \/><\/a><p id=\"caption-attachment-4654\" class=\"wp-caption-text\">Registro Escolar (1960s): <strong>Vacaciones Vendimia<\/strong><\/p><\/div>\n","protected":false},"excerpt":{"rendered":"<p>Tiempo de vendimiar. Y, seg\u00fan dicen los agricultores, parece que cada a\u00f1o las vendimias se adelantan, ya sea por el tiempo, por el tipo de vid, por las t\u00e9cnicas de cultivo o por las leyes del mercado. Recordando las vendimias de 1950-1970 (\u00a1tan diferentes a las de ahora!), podemos saber&#8230; <a class=\"continue-reading-link\" href=\"https:\/\/ww2.museosantacruz.org\/?p=4658\">Continue reading<\/a><\/p>\n","protected":false},"author":1,"featured_media":0,"comment_status":"open","ping_status":"closed","sticky":false,"template":"","format":"standard","meta":{"footnotes":""},"categories":[37],"tags":[],"class_list":["post-4658","post","type-post","status-publish","format-standard","hentry","category-escuela-del-siglo-pasado"],"_links":{"self":[{"href":"https:\/\/ww2.museosantacruz.org\/index.php?rest_route=\/wp\/v2\/posts\/4658","targetHints":{"allow":["GET"]}}],"collection":[{"href":"https:\/\/ww2.museosantacruz.org\/index.php?rest_route=\/wp\/v2\/posts"}],"about":[{"href":"https:\/\/ww2.museosantacruz.org\/index.php?rest_route=\/wp\/v2\/types\/post"}],"author":[{"embeddable":true,"href":"https:\/\/ww2.museosantacruz.org\/index.php?rest_route=\/wp\/v2\/users\/1"}],"replies":[{"embeddable":true,"href":"https:\/\/ww2.museosantacruz.org\/index.php?rest_route=%2Fwp%2Fv2%2Fcomments&post=4658"}],"version-history":[{"count":10,"href":"https:\/\/ww2.museosantacruz.org\/index.php?rest_route=\/wp\/v2\/posts\/4658\/revisions"}],"predecessor-version":[{"id":4670,"href":"https:\/\/ww2.museosantacruz.org\/index.php?rest_route=\/wp\/v2\/posts\/4658\/revisions\/4670"}],"wp:attachment":[{"href":"https:\/\/ww2.museosantacruz.org\/index.php?rest_route=%2Fwp%2Fv2%2Fmedia&parent=4658"}],"wp:term":[{"taxonomy":"category","embeddable":true,"href":"https:\/\/ww2.museosantacruz.org\/index.php?rest_route=%2Fwp%2Fv2%2Fcategories&post=4658"},{"taxonomy":"post_tag","embeddable":true,"href":"https:\/\/ww2.museosantacruz.org\/index.php?rest_route=%2Fwp%2Fv2%2Ftags&post=4658"}],"curies":[{"name":"wp","href":"https:\/\/api.w.org\/{rel}","templated":true}]}}